{"id":484,"date":"2011-10-04T06:54:41","date_gmt":"2011-10-04T06:54:41","guid":{"rendered":"http:\/\/verenagross.wordpress.com\/?p=484"},"modified":"2017-03-11T22:57:45","modified_gmt":"2017-03-11T22:57:45","slug":"die-kolumne-lasst-die-blatter-ruhig-ausreden","status":"publish","type":"post","link":"https:\/\/verenagross.info\/?p=484","title":{"rendered":"Die Kolumne: Lasst die Bl\u00e4tter ruhig ausreden!"},"content":{"rendered":"<figure id=\"attachment_1138\" aria-describedby=\"caption-attachment-1138\" style=\"width: 300px\" class=\"wp-caption alignleft\"><a href=\"http:\/\/verenagross.files.wordpress.com\/2011\/10\/wilderwein.jpg\"><img loading=\"lazy\" decoding=\"async\" data-attachment-id=\"1138\" data-permalink=\"https:\/\/verenagross.info\/?attachment_id=1138\" data-orig-file=\"https:\/\/i0.wp.com\/verenagross.info\/wp-content\/uploads\/2011\/10\/wilderwein.jpg?fit=2592%2C1936&amp;ssl=1\" data-orig-size=\"2592,1936\" data-comments-opened=\"1\" data-image-meta=\"{&quot;aperture&quot;:&quot;2.8&quot;,&quot;credit&quot;:&quot;&quot;,&quot;camera&quot;:&quot;iPhone 4&quot;,&quot;caption&quot;:&quot;&quot;,&quot;created_timestamp&quot;:&quot;1317551687&quot;,&quot;copyright&quot;:&quot;&quot;,&quot;focal_length&quot;:&quot;3.85&quot;,&quot;iso&quot;:&quot;80&quot;,&quot;shutter_speed&quot;:&quot;0.0015243902439024&quot;,&quot;title&quot;:&quot;&quot;,&quot;orientation&quot;:&quot;1&quot;}\" data-image-title=\"wilderWein\" data-image-description=\"\" data-medium-file=\"https:\/\/i0.wp.com\/verenagross.info\/wp-content\/uploads\/2011\/10\/wilderwein.jpg?fit=300%2C224&amp;ssl=1\" data-large-file=\"https:\/\/i0.wp.com\/verenagross.info\/wp-content\/uploads\/2011\/10\/wilderwein.jpg?fit=1000%2C747&amp;ssl=1\" class=\"size-medium wp-image-1138\" title=\"wilderWein\" src=\"http:\/\/verenagross.files.wordpress.com\/2011\/10\/wilderwein.jpg?w=300&#038;resize=300%2C224\" alt=\"\" srcset=\"https:\/\/i0.wp.com\/verenagross.info\/wp-content\/uploads\/2011\/10\/wilderwein.jpg?w=2592 2592w, https:\/\/i0.wp.com\/verenagross.info\/wp-content\/uploads\/2011\/10\/wilderwein.jpg?resize=300%2C224 300w, https:\/\/i0.wp.com\/verenagross.info\/wp-content\/uploads\/2011\/10\/wilderwein.jpg?resize=768%2C574 768w, https:\/\/i0.wp.com\/verenagross.info\/wp-content\/uploads\/2011\/10\/wilderwein.jpg?resize=1024%2C765 1024w, https:\/\/i0.wp.com\/verenagross.info\/wp-content\/uploads\/2011\/10\/wilderwein.jpg?w=2000 2000w\" sizes=\"(max-width: 300px) 100vw, 300px\" data-recalc-dims=\"1\" \/><\/a><figcaption id=\"caption-attachment-1138\" class=\"wp-caption-text\">Herbstleuchten: Die Bl\u00e4tter des wilden Weins f\u00e4rben sich rot.<\/figcaption><\/figure>\n<p>&#8222;Mama, wer malt die Bl\u00e4tter an?\u201c Ein laufender Meter st\u00fctzt sich auf seinen Kinderbesen und schaut auf einen Haufen h\u00fcbsch-gelber Lindenbl\u00e4tter. \u201eDie vergammeln einfach\u201c, erkl\u00e4rt sein Freund (4) im Oberlehrerton. Die Natur, wenn auch nur beim Laubfegen vor der eigenen Haust\u00fcr, ist manchmal die beste Schule.<\/p>\n<p>Da f\u00e4ngt man als Mutter besser nicht mit dem Abbau des Pflanzenfarbstoffs Chlorophyll an. Das er einsetzt, wenn die Tage k\u00fcrzer und k\u00e4lter werden. Ist der gr\u00fcne Farbstoff weg, werden die leuchtend gelben und roten Farbpigmente sichtbar, die w\u00e4hrend des Sommers durch das Gr\u00fcn \u00fcberlagert waren.<\/p>\n<p>\u201eDie Bl\u00e4tter sagen dem Sommer auf Wiedersehen, bevor die B\u00e4ume in den Winterschlaf gehen\u201c, sage ich. Der wilde Wein am Zaun leuchtet knallrot in der Herbstsonne. \u201eNa Mama, dann k\u00f6nnen wir sie ja auch noch eine Weile liegenlassen, bis sie ausgeredet haben.\u201c Manchmal steckt viel Weisheit in einem Vierj\u00e4hrigen. Und Laubfegen hat wirklich noch Zeit.<\/p>\n","protected":false},"excerpt":{"rendered":"<p>&#8222;Mama, wer malt die Bl\u00e4tter an?\u201c Ein laufender Meter st\u00fctzt sich auf seinen Kinderbesen und schaut auf einen Haufen h\u00fcbsch-gelber Lindenbl\u00e4tter. \u201eDie vergammeln einfach\u201c, erkl\u00e4rt sein Freund (4) im Oberlehrerton. Die Natur, wenn auch nur beim Laubfegen vor der eigenen Haust\u00fcr, ist manchmal die beste Schule. Da f\u00e4ngt man als Mutter besser nicht mit dem [&hellip;]<\/p>\n","protected":false},"author":3,"featured_media":0,"comment_status":"open","ping_status":"open","sticky":false,"template":"","format":"standard","meta":{"footnotes":""},"categories":[3,4,1],"tags":[327,328,329],"class_list":["post-484","post","type-post","status-publish","format-standard","hentry","category-die-kolumne","category-gartenpflanzen","category-uncategorized","tag-clorophyll","tag-herbst","tag-laubfarbung"],"jetpack-related-posts":[],"_links":{"self":[{"href":"https:\/\/verenagross.info\/index.php?rest_route=\/wp\/v2\/posts\/484"}],"collection":[{"href":"https:\/\/verenagross.info\/index.php?rest_route=\/wp\/v2\/posts"}],"about":[{"href":"https:\/\/verenagross.info\/index.php?rest_route=\/wp\/v2\/types\/post"}],"author":[{"embeddable":true,"href":"https:\/\/verenagross.info\/index.php?rest_route=\/wp\/v2\/users\/3"}],"replies":[{"embeddable":true,"href":"https:\/\/verenagross.info\/index.php?rest_route=%2Fwp%2Fv2%2Fcomments&post=484"}],"version-history":[{"count":1,"href":"https:\/\/verenagross.info\/index.php?rest_route=\/wp\/v2\/posts\/484\/revisions"}],"predecessor-version":[{"id":1684,"href":"https:\/\/verenagross.info\/index.php?rest_route=\/wp\/v2\/posts\/484\/revisions\/1684"}],"wp:attachment":[{"href":"https:\/\/verenagross.info\/index.php?rest_route=%2Fwp%2Fv2%2Fmedia&parent=484"}],"wp:term":[{"taxonomy":"category","embeddable":true,"href":"https:\/\/verenagross.info\/index.php?rest_route=%2Fwp%2Fv2%2Fcategories&post=484"},{"taxonomy":"post_tag","embeddable":true,"href":"https:\/\/verenagross.info\/index.php?rest_route=%2Fwp%2Fv2%2Ftags&post=484"}],"curies":[{"name":"wp","href":"https:\/\/api.w.org\/{rel}","templated":true}]}}